{"id":24028,"date":"2025-08-18T08:27:57","date_gmt":"2025-08-18T08:27:57","guid":{"rendered":"https:\/\/moldblade.com\/moldblade-participa-da-feira-k-deste-ano\/"},"modified":"2025-08-18T08:27:57","modified_gmt":"2025-08-18T08:27:57","slug":"moldblade-participa-da-feira-k-deste-ano","status":"publish","type":"post","link":"https:\/\/moldblade.com\/pt-pt\/moldblade-participa-da-feira-k-deste-ano\/","title":{"rendered":"MOLDBLADE PARTICIPA DA FEIRA K DESTE ANO"},"content":{"rendered":"\n<p>A Feira K \u00e9 o evento internacional mais importante para a ind\u00fastria de pl\u00e1sticos e borracha. Realizada a cada tr\u00eas anos desde 1952 em D\u00fcsseldorf, Alemanha, cada edi\u00e7\u00e3o re\u00fane os principais nomes e pioneiros do setor, onde s\u00e3o apresentadas as inova\u00e7\u00f5es mais avan\u00e7adas e definidas as tend\u00eancias que definir\u00e3o o futuro da ind\u00fastria. Este ano, a Feira K acontecer\u00e1 de 8 a 15 de outubro de 2025, em D\u00fcsseldorf, com um foco renovado em sustentabilidade e inova\u00e7\u00e3o. Mais de 3.000 empresas de 61 pa\u00edses participar\u00e3o dos 18 pavilh\u00f5es do centro de exposi\u00e7\u00f5es. Temos o prazer de anunciar que participaremos desta edi\u00e7\u00e3o com nosso estande localizado no 1C35.<\/p>\n\n<figure class=\"wp-block-image size-full\"><img fetchpriority=\"high\" decoding=\"async\" width=\"850\" height=\"169\" src=\"https:\/\/moldblade.com\/wp-content\/uploads\/2025\/08\/MOLDBLADE-PARTICIPA-ESTE-ANO-EN-LA-FERIA-K.jpg\" alt=\"\" class=\"wp-image-24014\" srcset=\"https:\/\/moldblade.com\/wp-content\/uploads\/2025\/08\/MOLDBLADE-PARTICIPA-ESTE-ANO-EN-LA-FERIA-K.jpg 850w, https:\/\/moldblade.com\/wp-content\/uploads\/2025\/08\/MOLDBLADE-PARTICIPA-ESTE-ANO-EN-LA-FERIA-K-300x60.jpg 300w, https:\/\/moldblade.com\/wp-content\/uploads\/2025\/08\/MOLDBLADE-PARTICIPA-ESTE-ANO-EN-LA-FERIA-K-768x153.jpg 768w\" sizes=\"(max-width: 850px) 100vw, 850px\" \/><\/figure>\n\n<p>Este ano, faz todo o sentido a presen\u00e7a da MOLDBLADE, n\u00e3o s\u00f3 pelo crescimento que estamos a viver, mas tamb\u00e9m pelo nosso compromisso com o mercado europeu. Queremos aproveitar esta oportunidade para apresentar algumas das inova\u00e7\u00f5es que desenvolvemos nos \u00faltimos anos. Uma das nossas vantagens competitivas \u00e9 que gerimos todo o projeto dentro da mesma empresa. N\u00e3o somos uma empresa convencional de moldagem por inje\u00e7\u00e3o de pl\u00e1stico; na MOLDBLADE, tratamos do design e engenharia do produto, da fabrica\u00e7\u00e3o interna de moldes, da moldagem por inje\u00e7\u00e3o de pl\u00e1stico e da montagem. Com f\u00e1bricas de inje\u00e7\u00e3o em v\u00e1rias localiza\u00e7\u00f5es, somos um parceiro global com apoio local.<\/p>\n","protected":false},"excerpt":{"rendered":"<p>A Feira K \u00e9 o evento internacional mais importante <\/p>\n","protected":false},"author":2,"featured_media":24018,"comment_status":"open","ping_status":"open","sticky":false,"template":"","format":"standard","meta":{"_acf_changed":false,"_monsterinsights_skip_tracking":false,"_monsterinsights_sitenote_active":false,"_monsterinsights_sitenote_note":"","_monsterinsights_sitenote_category":0,"footnotes":""},"categories":[197,192,195,194],"tags":[],"class_list":["post-24028","post","type-post","status-publish","format-standard","has-post-thumbnail","hentry","category-design-e-engenharia","category-injecao-de-plasticos","category-moldblade-noticias-pt-pt-2","category-moldes-para-injecao-de-plastico"],"acf":[],"yoast_head":"<!-- This site is optimized with the Yoast SEO plugin v27.1.1 - https:\/\/yoast.com\/product\/yoast-seo-wordpress\/ -->\n<title>MOLDBLADE PARTICIPA DA FEIRA K DESTE ANO - Moldblade<\/title>\n<meta name=\"description\" content=\"A Feira K \u00e9 o evento internacional mais importante para a ind\u00fastria de pl\u00e1sticos e borracha. Realizada a cada tr\u00eas anos desde 1952 em D\u00fcsseldorf,\" \/>\n<meta name=\"robots\" content=\"index, follow, max-snippet:-1, max-image-preview:large, max-video-preview:-1\" \/>\n<link rel=\"canonical\" href=\"https:\/\/moldblade.com\/pt-pt\/moldblade-participa-da-feira-k-deste-ano\/\" \/>\n<meta property=\"og:locale\" content=\"pt_PT\" \/>\n<meta property=\"og:type\" content=\"article\" \/>\n<meta property=\"og:title\" content=\"MOLDBLADE PARTICIPA DA FEIRA K DESTE ANO - Moldblade\" \/>\n<meta property=\"og:description\" content=\"A Feira K \u00e9 o evento internacional mais importante para a ind\u00fastria de pl\u00e1sticos e borracha. Realizada a cada tr\u00eas anos desde 1952 em D\u00fcsseldorf,\" \/>\n<meta property=\"og:url\" content=\"https:\/\/moldblade.com\/pt-pt\/moldblade-participa-da-feira-k-deste-ano\/\" \/>\n<meta property=\"og:site_name\" content=\"Moldblade\" \/>\n<meta property=\"article:published_time\" content=\"2025-08-18T08:27:57+00:00\" \/>\n<meta property=\"og:image\" content=\"https:\/\/moldblade.com\/wp-content\/uploads\/2025\/08\/MOLDBLADE-PARTICIPA-ESTE-ANO-EN-LA-FERIA-K.jpg\" \/>\n\t<meta property=\"og:image:width\" content=\"850\" \/>\n\t<meta property=\"og:image:height\" content=\"169\" \/>\n\t<meta property=\"og:image:type\" content=\"image\/jpeg\" \/>\n<meta name=\"author\" content=\"SEOMoldblade\" \/>\n<meta name=\"twitter:card\" content=\"summary_large_image\" \/>\n<meta name=\"twitter:label1\" content=\"Escrito por\" \/>\n\t<meta name=\"twitter:data1\" content=\"SEOMoldblade\" \/>\n\t<meta name=\"twitter:label2\" content=\"Tempo estimado de leitura\" \/>\n\t<meta name=\"twitter:data2\" content=\"1 minuto\" \/>\n<script type=\"application\/ld+json\" class=\"yoast-schema-graph\">{\"@context\":\"https:\/\/schema.org\",\"@graph\":[{\"@type\":\"Article\",\"@id\":\"https:\/\/moldblade.com\/pt-pt\/moldblade-participa-da-feira-k-deste-ano\/#article\",\"isPartOf\":{\"@id\":\"https:\/\/moldblade.com\/pt-pt\/moldblade-participa-da-feira-k-deste-ano\/\"},\"author\":{\"name\":\"SEOMoldblade\",\"@id\":\"https:\/\/moldblade.com\/pt-pt\/#\/schema\/person\/455347d73202f699d2d3cdc95049c326\"},\"headline\":\"MOLDBLADE PARTICIPA DA FEIRA K DESTE ANO\",\"datePublished\":\"2025-08-18T08:27:57+00:00\",\"mainEntityOfPage\":{\"@id\":\"https:\/\/moldblade.com\/pt-pt\/moldblade-participa-da-feira-k-deste-ano\/\"},\"wordCount\":242,\"commentCount\":0,\"image\":{\"@id\":\"https:\/\/moldblade.com\/pt-pt\/moldblade-participa-da-feira-k-deste-ano\/#primaryimage\"},\"thumbnailUrl\":\"https:\/\/moldblade.com\/wp-content\/uploads\/2025\/08\/MOLDBLADE-PARTICIPA-ESTE-ANO-EN-LA-FERIA-K.jpg\",\"articleSection\":[\"Design e Engenharia\",\"Inje\u00e7\u00e3o de pl\u00e1sticos\",\"Moldblade: noticias\",\"Moldes para Inje\u00e7\u00e3o de Pl\u00e1stico\"],\"inLanguage\":\"pt-PT\"},{\"@type\":\"WebPage\",\"@id\":\"https:\/\/moldblade.com\/pt-pt\/moldblade-participa-da-feira-k-deste-ano\/\",\"url\":\"https:\/\/moldblade.com\/pt-pt\/moldblade-participa-da-feira-k-deste-ano\/\",\"name\":\"MOLDBLADE PARTICIPA DA FEIRA K DESTE ANO - Moldblade\",\"isPartOf\":{\"@id\":\"https:\/\/moldblade.com\/pt-pt\/#website\"},\"primaryImageOfPage\":{\"@id\":\"https:\/\/moldblade.com\/pt-pt\/moldblade-participa-da-feira-k-deste-ano\/#primaryimage\"},\"image\":{\"@id\":\"https:\/\/moldblade.com\/pt-pt\/moldblade-participa-da-feira-k-deste-ano\/#primaryimage\"},\"thumbnailUrl\":\"https:\/\/moldblade.com\/wp-content\/uploads\/2025\/08\/MOLDBLADE-PARTICIPA-ESTE-ANO-EN-LA-FERIA-K.jpg\",\"datePublished\":\"2025-08-18T08:27:57+00:00\",\"author\":{\"@id\":\"https:\/\/moldblade.com\/pt-pt\/#\/schema\/person\/455347d73202f699d2d3cdc95049c326\"},\"description\":\"A Feira K \u00e9 o evento internacional mais importante para a ind\u00fastria de pl\u00e1sticos e borracha. Realizada a cada tr\u00eas anos desde 1952 em D\u00fcsseldorf,\",\"breadcrumb\":{\"@id\":\"https:\/\/moldblade.com\/pt-pt\/moldblade-participa-da-feira-k-deste-ano\/#breadcrumb\"},\"inLanguage\":\"pt-PT\",\"potentialAction\":[{\"@type\":\"ReadAction\",\"target\":[\"https:\/\/moldblade.com\/pt-pt\/moldblade-participa-da-feira-k-deste-ano\/\"]}]},{\"@type\":\"ImageObject\",\"inLanguage\":\"pt-PT\",\"@id\":\"https:\/\/moldblade.com\/pt-pt\/moldblade-participa-da-feira-k-deste-ano\/#primaryimage\",\"url\":\"https:\/\/moldblade.com\/wp-content\/uploads\/2025\/08\/MOLDBLADE-PARTICIPA-ESTE-ANO-EN-LA-FERIA-K.jpg\",\"contentUrl\":\"https:\/\/moldblade.com\/wp-content\/uploads\/2025\/08\/MOLDBLADE-PARTICIPA-ESTE-ANO-EN-LA-FERIA-K.jpg\",\"width\":850,\"height\":169},{\"@type\":\"BreadcrumbList\",\"@id\":\"https:\/\/moldblade.com\/pt-pt\/moldblade-participa-da-feira-k-deste-ano\/#breadcrumb\",\"itemListElement\":[{\"@type\":\"ListItem\",\"position\":1,\"name\":\"Portada\",\"item\":\"https:\/\/moldblade.com\/pt-pt\/\"},{\"@type\":\"ListItem\",\"position\":2,\"name\":\"MOLDBLADE PARTICIPA DA FEIRA K DESTE ANO\"}]},{\"@type\":\"WebSite\",\"@id\":\"https:\/\/moldblade.com\/pt-pt\/#website\",\"url\":\"https:\/\/moldblade.com\/pt-pt\/\",\"name\":\"Moldblade\",\"description\":\"\",\"potentialAction\":[{\"@type\":\"SearchAction\",\"target\":{\"@type\":\"EntryPoint\",\"urlTemplate\":\"https:\/\/moldblade.com\/pt-pt\/?s={search_term_string}\"},\"query-input\":{\"@type\":\"PropertyValueSpecification\",\"valueRequired\":true,\"valueName\":\"search_term_string\"}}],\"inLanguage\":\"pt-PT\"},{\"@type\":\"Person\",\"@id\":\"https:\/\/moldblade.com\/pt-pt\/#\/schema\/person\/455347d73202f699d2d3cdc95049c326\",\"name\":\"SEOMoldblade\",\"image\":{\"@type\":\"ImageObject\",\"inLanguage\":\"pt-PT\",\"@id\":\"https:\/\/moldblade.com\/pt-pt\/#\/schema\/person\/image\/\",\"url\":\"https:\/\/secure.gravatar.com\/avatar\/b267a8cd8483510abf6c0e1d6f0aa1b550e0a438b292585318c43da48b927090?s=96&d=mm&r=g\",\"contentUrl\":\"https:\/\/secure.gravatar.com\/avatar\/b267a8cd8483510abf6c0e1d6f0aa1b550e0a438b292585318c43da48b927090?s=96&d=mm&r=g\",\"caption\":\"SEOMoldblade\"}}]}<\/script>\n<!-- \/ Yoast SEO plugin. -->","yoast_head_json":{"title":"MOLDBLADE PARTICIPA DA FEIRA K DESTE ANO - Moldblade","description":"A Feira K \u00e9 o evento internacional mais importante para a ind\u00fastria de pl\u00e1sticos e borracha. Realizada a cada tr\u00eas anos desde 1952 em D\u00fcsseldorf,","robots":{"index":"index","follow":"follow","max-snippet":"max-snippet:-1","max-image-preview":"max-image-preview:large","max-video-preview":"max-video-preview:-1"},"canonical":"https:\/\/moldblade.com\/pt-pt\/moldblade-participa-da-feira-k-deste-ano\/","og_locale":"pt_PT","og_type":"article","og_title":"MOLDBLADE PARTICIPA DA FEIRA K DESTE ANO - Moldblade","og_description":"A Feira K \u00e9 o evento internacional mais importante para a ind\u00fastria de pl\u00e1sticos e borracha. Realizada a cada tr\u00eas anos desde 1952 em D\u00fcsseldorf,","og_url":"https:\/\/moldblade.com\/pt-pt\/moldblade-participa-da-feira-k-deste-ano\/","og_site_name":"Moldblade","article_published_time":"2025-08-18T08:27:57+00:00","og_image":[{"width":850,"height":169,"url":"https:\/\/moldblade.com\/wp-content\/uploads\/2025\/08\/MOLDBLADE-PARTICIPA-ESTE-ANO-EN-LA-FERIA-K.jpg","type":"image\/jpeg"}],"author":"SEOMoldblade","twitter_card":"summary_large_image","twitter_misc":{"Escrito por":"SEOMoldblade","Tempo estimado de leitura":"1 minuto"},"schema":{"@context":"https:\/\/schema.org","@graph":[{"@type":"Article","@id":"https:\/\/moldblade.com\/pt-pt\/moldblade-participa-da-feira-k-deste-ano\/#article","isPartOf":{"@id":"https:\/\/moldblade.com\/pt-pt\/moldblade-participa-da-feira-k-deste-ano\/"},"author":{"name":"SEOMoldblade","@id":"https:\/\/moldblade.com\/pt-pt\/#\/schema\/person\/455347d73202f699d2d3cdc95049c326"},"headline":"MOLDBLADE PARTICIPA DA FEIRA K DESTE ANO","datePublished":"2025-08-18T08:27:57+00:00","mainEntityOfPage":{"@id":"https:\/\/moldblade.com\/pt-pt\/moldblade-participa-da-feira-k-deste-ano\/"},"wordCount":242,"commentCount":0,"image":{"@id":"https:\/\/moldblade.com\/pt-pt\/moldblade-participa-da-feira-k-deste-ano\/#primaryimage"},"thumbnailUrl":"https:\/\/moldblade.com\/wp-content\/uploads\/2025\/08\/MOLDBLADE-PARTICIPA-ESTE-ANO-EN-LA-FERIA-K.jpg","articleSection":["Design e Engenharia","Inje\u00e7\u00e3o de pl\u00e1sticos","Moldblade: noticias","Moldes para Inje\u00e7\u00e3o de Pl\u00e1stico"],"inLanguage":"pt-PT"},{"@type":"WebPage","@id":"https:\/\/moldblade.com\/pt-pt\/moldblade-participa-da-feira-k-deste-ano\/","url":"https:\/\/moldblade.com\/pt-pt\/moldblade-participa-da-feira-k-deste-ano\/","name":"MOLDBLADE PARTICIPA DA FEIRA K DESTE ANO - Moldblade","isPartOf":{"@id":"https:\/\/moldblade.com\/pt-pt\/#website"},"primaryImageOfPage":{"@id":"https:\/\/moldblade.com\/pt-pt\/moldblade-participa-da-feira-k-deste-ano\/#primaryimage"},"image":{"@id":"https:\/\/moldblade.com\/pt-pt\/moldblade-participa-da-feira-k-deste-ano\/#primaryimage"},"thumbnailUrl":"https:\/\/moldblade.com\/wp-content\/uploads\/2025\/08\/MOLDBLADE-PARTICIPA-ESTE-ANO-EN-LA-FERIA-K.jpg","datePublished":"2025-08-18T08:27:57+00:00","author":{"@id":"https:\/\/moldblade.com\/pt-pt\/#\/schema\/person\/455347d73202f699d2d3cdc95049c326"},"description":"A Feira K \u00e9 o evento internacional mais importante para a ind\u00fastria de pl\u00e1sticos e borracha. Realizada a cada tr\u00eas anos desde 1952 em D\u00fcsseldorf,","breadcrumb":{"@id":"https:\/\/moldblade.com\/pt-pt\/moldblade-participa-da-feira-k-deste-ano\/#breadcrumb"},"inLanguage":"pt-PT","potentialAction":[{"@type":"ReadAction","target":["https:\/\/moldblade.com\/pt-pt\/moldblade-participa-da-feira-k-deste-ano\/"]}]},{"@type":"ImageObject","inLanguage":"pt-PT","@id":"https:\/\/moldblade.com\/pt-pt\/moldblade-participa-da-feira-k-deste-ano\/#primaryimage","url":"https:\/\/moldblade.com\/wp-content\/uploads\/2025\/08\/MOLDBLADE-PARTICIPA-ESTE-ANO-EN-LA-FERIA-K.jpg","contentUrl":"https:\/\/moldblade.com\/wp-content\/uploads\/2025\/08\/MOLDBLADE-PARTICIPA-ESTE-ANO-EN-LA-FERIA-K.jpg","width":850,"height":169},{"@type":"BreadcrumbList","@id":"https:\/\/moldblade.com\/pt-pt\/moldblade-participa-da-feira-k-deste-ano\/#breadcrumb","itemListElement":[{"@type":"ListItem","position":1,"name":"Portada","item":"https:\/\/moldblade.com\/pt-pt\/"},{"@type":"ListItem","position":2,"name":"MOLDBLADE PARTICIPA DA FEIRA K DESTE ANO"}]},{"@type":"WebSite","@id":"https:\/\/moldblade.com\/pt-pt\/#website","url":"https:\/\/moldblade.com\/pt-pt\/","name":"Moldblade","description":"","potentialAction":[{"@type":"SearchAction","target":{"@type":"EntryPoint","urlTemplate":"https:\/\/moldblade.com\/pt-pt\/?s={search_term_string}"},"query-input":{"@type":"PropertyValueSpecification","valueRequired":true,"valueName":"search_term_string"}}],"inLanguage":"pt-PT"},{"@type":"Person","@id":"https:\/\/moldblade.com\/pt-pt\/#\/schema\/person\/455347d73202f699d2d3cdc95049c326","name":"SEOMoldblade","image":{"@type":"ImageObject","inLanguage":"pt-PT","@id":"https:\/\/moldblade.com\/pt-pt\/#\/schema\/person\/image\/","url":"https:\/\/secure.gravatar.com\/avatar\/b267a8cd8483510abf6c0e1d6f0aa1b550e0a438b292585318c43da48b927090?s=96&d=mm&r=g","contentUrl":"https:\/\/secure.gravatar.com\/avatar\/b267a8cd8483510abf6c0e1d6f0aa1b550e0a438b292585318c43da48b927090?s=96&d=mm&r=g","caption":"SEOMoldblade"}}]}},"_links":{"self":[{"href":"https:\/\/moldblade.com\/pt-pt\/wp-json\/wp\/v2\/posts\/24028","targetHints":{"allow":["GET"]}}],"collection":[{"href":"https:\/\/moldblade.com\/pt-pt\/wp-json\/wp\/v2\/posts"}],"about":[{"href":"https:\/\/moldblade.com\/pt-pt\/wp-json\/wp\/v2\/types\/post"}],"author":[{"embeddable":true,"href":"https:\/\/moldblade.com\/pt-pt\/wp-json\/wp\/v2\/users\/2"}],"replies":[{"embeddable":true,"href":"https:\/\/moldblade.com\/pt-pt\/wp-json\/wp\/v2\/comments?post=24028"}],"version-history":[{"count":1,"href":"https:\/\/moldblade.com\/pt-pt\/wp-json\/wp\/v2\/posts\/24028\/revisions"}],"predecessor-version":[{"id":24029,"href":"https:\/\/moldblade.com\/pt-pt\/wp-json\/wp\/v2\/posts\/24028\/revisions\/24029"}],"wp:featuredmedia":[{"embeddable":true,"href":"https:\/\/moldblade.com\/pt-pt\/wp-json\/wp\/v2\/media\/24018"}],"wp:attachment":[{"href":"https:\/\/moldblade.com\/pt-pt\/wp-json\/wp\/v2\/media?parent=24028"}],"wp:term":[{"taxonomy":"category","embeddable":true,"href":"https:\/\/moldblade.com\/pt-pt\/wp-json\/wp\/v2\/categories?post=24028"},{"taxonomy":"post_tag","embeddable":true,"href":"https:\/\/moldblade.com\/pt-pt\/wp-json\/wp\/v2\/tags?post=24028"}],"curies":[{"name":"wp","href":"https:\/\/api.w.org\/{rel}","templated":true}]}}